{"id":59,"date":"2019-03-28T20:24:39","date_gmt":"2019-03-28T19:24:39","guid":{"rendered":"https:\/\/kataproducciones.es\/prensa\/?p=59"},"modified":"2019-09-01T13:34:57","modified_gmt":"2019-09-01T11:34:57","slug":"canal-extremadura-radio-agitacion-y-cultura","status":"publish","type":"post","link":"https:\/\/kataproducciones.es\/prensa\/canal-extremadura-radio-agitacion-y-cultura\/","title":{"rendered":"Canal Extremadura Radio (Agitaci\u00f3n y cultura)"},"content":{"rendered":"\n<figure class=\"wp-block-image is-resized\"><img loading=\"lazy\" decoding=\"async\" src=\"http:\/\/www.canalextremadura.es\/sites\/default\/files\/styles\/nuevo_dise_o_-_mediana\/public\/imagenes-nuevo-disenio\/programas\/agitacion_y_cultura_listado_800x450px.jpg?itok=uAXECpsq\" alt=\"Agitaci\u00f3n y Cultura\" width=\"450\" height=\"254\"\/><\/figure>\n\n\n\n<p>Entrevista en el programa<a href=\"http:\/\/www.canalextremadura.es\/alacarta\/radio\/audios\/agitacion-y-cultura-250319\"> Agitaci\u00f3n y Cultura<\/a> del Canal Extremadura Radio.<\/p>\n","protected":false},"excerpt":{"rendered":"<p>Entrevista en el programa Agitaci\u00f3n y Cultura del Canal Extremadura Radio.<\/p>\n","protected":false},"author":1,"featured_media":0,"comment_status":"open","ping_status":"open","sticky":false,"template":"","format":"standard","meta":{"footnotes":""},"categories":[34,35,6],"tags":[8,11,10,12,9,13,31,17,24,14,15,19,30,16,20,18,21],"class_list":["post-59","post","type-post","status-publish","format-standard","hentry","category-5-pieles-5-historias","category-imaginakata","category-radio","tag-5-pieles-5-historias","tag-aida-cobos","tag-badajoz","tag-baile-salon","tag-constelaciones-familiares","tag-cope","tag-dia-mundial-del-teatro","tag-drama","tag-extremadura","tag-femenino","tag-flamenco","tag-kata-producciones","tag-lopez-de-ayala","tag-mujer","tag-performance","tag-radio","tag-swing","wpcat-34-id","wpcat-35-id","wpcat-6-id"],"yoast_head":"<!-- This site is optimized with the Yoast SEO plugin v27.4 - https:\/\/yoast.com\/product\/yoast-seo-wordpress\/ -->\n<title>Canal Extremadura Radio (Agitaci\u00f3n y cultura) - Prensa<\/title>\n<meta name=\"robots\" content=\"index, follow, max-snippet:-1, max-image-preview:large, max-video-preview:-1\" \/>\n<link rel=\"canonical\" href=\"https:\/\/kataproducciones.es\/prensa\/canal-extremadura-radio-agitacion-y-cultura\/\" \/>\n<meta property=\"og:locale\" content=\"es_ES\" \/>\n<meta property=\"og:type\" content=\"article\" \/>\n<meta property=\"og:title\" content=\"Canal Extremadura Radio (Agitaci\u00f3n y cultura) - Prensa\" \/>\n<meta property=\"og:description\" content=\"Entrevista en el programa Agitaci\u00f3n y Cultura del Canal Extremadura Radio.\" \/>\n<meta property=\"og:url\" content=\"https:\/\/kataproducciones.es\/prensa\/canal-extremadura-radio-agitacion-y-cultura\/\" \/>\n<meta property=\"og:site_name\" content=\"Prensa\" \/>\n<meta property=\"article:publisher\" content=\"https:\/\/facebook.com\/aidacobos.kata\" \/>\n<meta property=\"article:published_time\" content=\"2019-03-28T19:24:39+00:00\" \/>\n<meta property=\"article:modified_time\" content=\"2019-09-01T11:34:57+00:00\" \/>\n<meta property=\"og:image\" content=\"http:\/\/www.canalextremadura.es\/sites\/default\/files\/styles\/nuevo_dise_o_-_mediana\/public\/imagenes-nuevo-disenio\/programas\/agitacion_y_cultura_listado_800x450px.jpg?itok=uAXECpsq\" \/>\n<meta name=\"author\" content=\"Kata Producciones\" \/>\n<meta name=\"twitter:card\" content=\"summary_large_image\" \/>\n<meta name=\"twitter:creator\" content=\"@aidacoboskata\" \/>\n<meta name=\"twitter:site\" content=\"@aidacoboskata\" \/>\n<meta name=\"twitter:label1\" content=\"Escrito por\" \/>\n\t<meta name=\"twitter:data1\" content=\"Kata Producciones\" \/>\n<script type=\"application\/ld+json\" class=\"yoast-schema-graph\">{\"@context\":\"https:\\\/\\\/schema.org\",\"@graph\":[{\"@type\":\"Article\",\"@id\":\"https:\\\/\\\/kataproducciones.es\\\/prensa\\\/canal-extremadura-radio-agitacion-y-cultura\\\/#article\",\"isPartOf\":{\"@id\":\"https:\\\/\\\/kataproducciones.es\\\/prensa\\\/canal-extremadura-radio-agitacion-y-cultura\\\/\"},\"author\":{\"name\":\"Kata Producciones\",\"@id\":\"https:\\\/\\\/kataproducciones.es\\\/prensa\\\/#\\\/schema\\\/person\\\/007d741f44a769da580f040659521923\"},\"headline\":\"Canal Extremadura Radio (Agitaci\u00f3n y cultura)\",\"datePublished\":\"2019-03-28T19:24:39+00:00\",\"dateModified\":\"2019-09-01T11:34:57+00:00\",\"mainEntityOfPage\":{\"@id\":\"https:\\\/\\\/kataproducciones.es\\\/prensa\\\/canal-extremadura-radio-agitacion-y-cultura\\\/\"},\"wordCount\":19,\"commentCount\":0,\"publisher\":{\"@id\":\"https:\\\/\\\/kataproducciones.es\\\/prensa\\\/#organization\"},\"image\":{\"@id\":\"https:\\\/\\\/kataproducciones.es\\\/prensa\\\/canal-extremadura-radio-agitacion-y-cultura\\\/#primaryimage\"},\"thumbnailUrl\":\"http:\\\/\\\/www.canalextremadura.es\\\/sites\\\/default\\\/files\\\/styles\\\/nuevo_dise_o_-_mediana\\\/public\\\/imagenes-nuevo-disenio\\\/programas\\\/agitacion_y_cultura_listado_800x450px.jpg?itok=uAXECpsq\",\"keywords\":[\"5 pieles 5 historias\",\"aida cobos\",\"Badajoz\",\"baile sal\u00f3n\",\"constelaciones familiares\",\"COPE\",\"d\u00eda mundial del teatro\",\"drama\",\"extremadura\",\"femenino\",\"flamenco\",\"kata producciones\",\"L\u00f3pez de Ayala\",\"mujer\",\"performance\",\"radio\",\"swing\"],\"articleSection\":[\"5 Pieles 5 Historias\",\"Imaginakata\",\"Radio\"],\"inLanguage\":\"es\",\"potentialAction\":[{\"@type\":\"CommentAction\",\"name\":\"Comment\",\"target\":[\"https:\\\/\\\/kataproducciones.es\\\/prensa\\\/canal-extremadura-radio-agitacion-y-cultura\\\/#respond\"]}]},{\"@type\":\"WebPage\",\"@id\":\"https:\\\/\\\/kataproducciones.es\\\/prensa\\\/canal-extremadura-radio-agitacion-y-cultura\\\/\",\"url\":\"https:\\\/\\\/kataproducciones.es\\\/prensa\\\/canal-extremadura-radio-agitacion-y-cultura\\\/\",\"name\":\"Canal Extremadura Radio (Agitaci\u00f3n y cultura) - Prensa\",\"isPartOf\":{\"@id\":\"https:\\\/\\\/kataproducciones.es\\\/prensa\\\/#website\"},\"primaryImageOfPage\":{\"@id\":\"https:\\\/\\\/kataproducciones.es\\\/prensa\\\/canal-extremadura-radio-agitacion-y-cultura\\\/#primaryimage\"},\"image\":{\"@id\":\"https:\\\/\\\/kataproducciones.es\\\/prensa\\\/canal-extremadura-radio-agitacion-y-cultura\\\/#primaryimage\"},\"thumbnailUrl\":\"http:\\\/\\\/www.canalextremadura.es\\\/sites\\\/default\\\/files\\\/styles\\\/nuevo_dise_o_-_mediana\\\/public\\\/imagenes-nuevo-disenio\\\/programas\\\/agitacion_y_cultura_listado_800x450px.jpg?itok=uAXECpsq\",\"datePublished\":\"2019-03-28T19:24:39+00:00\",\"dateModified\":\"2019-09-01T11:34:57+00:00\",\"breadcrumb\":{\"@id\":\"https:\\\/\\\/kataproducciones.es\\\/prensa\\\/canal-extremadura-radio-agitacion-y-cultura\\\/#breadcrumb\"},\"inLanguage\":\"es\",\"potentialAction\":[{\"@type\":\"ReadAction\",\"target\":[\"https:\\\/\\\/kataproducciones.es\\\/prensa\\\/canal-extremadura-radio-agitacion-y-cultura\\\/\"]}]},{\"@type\":\"ImageObject\",\"inLanguage\":\"es\",\"@id\":\"https:\\\/\\\/kataproducciones.es\\\/prensa\\\/canal-extremadura-radio-agitacion-y-cultura\\\/#primaryimage\",\"url\":\"http:\\\/\\\/www.canalextremadura.es\\\/sites\\\/default\\\/files\\\/styles\\\/nuevo_dise_o_-_mediana\\\/public\\\/imagenes-nuevo-disenio\\\/programas\\\/agitacion_y_cultura_listado_800x450px.jpg?itok=uAXECpsq\",\"contentUrl\":\"http:\\\/\\\/www.canalextremadura.es\\\/sites\\\/default\\\/files\\\/styles\\\/nuevo_dise_o_-_mediana\\\/public\\\/imagenes-nuevo-disenio\\\/programas\\\/agitacion_y_cultura_listado_800x450px.jpg?itok=uAXECpsq\"},{\"@type\":\"BreadcrumbList\",\"@id\":\"https:\\\/\\\/kataproducciones.es\\\/prensa\\\/canal-extremadura-radio-agitacion-y-cultura\\\/#breadcrumb\",\"itemListElement\":[{\"@type\":\"ListItem\",\"position\":1,\"name\":\"Portada\",\"item\":\"https:\\\/\\\/kataproducciones.es\\\/prensa\\\/\"},{\"@type\":\"ListItem\",\"position\":2,\"name\":\"Canal Extremadura Radio (Agitaci\u00f3n y cultura)\"}]},{\"@type\":\"WebSite\",\"@id\":\"https:\\\/\\\/kataproducciones.es\\\/prensa\\\/#website\",\"url\":\"https:\\\/\\\/kataproducciones.es\\\/prensa\\\/\",\"name\":\"Prensa Kata Producciones\",\"description\":\"Nuestra presencia en los medios \",\"publisher\":{\"@id\":\"https:\\\/\\\/kataproducciones.es\\\/prensa\\\/#organization\"},\"potentialAction\":[{\"@type\":\"SearchAction\",\"target\":{\"@type\":\"EntryPoint\",\"urlTemplate\":\"https:\\\/\\\/kataproducciones.es\\\/prensa\\\/?s={search_term_string}\"},\"query-input\":{\"@type\":\"PropertyValueSpecification\",\"valueRequired\":true,\"valueName\":\"search_term_string\"}}],\"inLanguage\":\"es\"},{\"@type\":\"Organization\",\"@id\":\"https:\\\/\\\/kataproducciones.es\\\/prensa\\\/#organization\",\"name\":\"Kata Producciones\",\"url\":\"https:\\\/\\\/kataproducciones.es\\\/prensa\\\/\",\"logo\":{\"@type\":\"ImageObject\",\"inLanguage\":\"es\",\"@id\":\"https:\\\/\\\/kataproducciones.es\\\/prensa\\\/#\\\/schema\\\/logo\\\/image\\\/\",\"url\":\"https:\\\/\\\/kataproducciones.es\\\/prensa\\\/wp-content\\\/uploads\\\/sites\\\/7\\\/2019\\\/08\\\/cropped-Krojo-1.png\",\"contentUrl\":\"https:\\\/\\\/kataproducciones.es\\\/prensa\\\/wp-content\\\/uploads\\\/sites\\\/7\\\/2019\\\/08\\\/cropped-Krojo-1.png\",\"width\":599,\"height\":602,\"caption\":\"Kata Producciones\"},\"image\":{\"@id\":\"https:\\\/\\\/kataproducciones.es\\\/prensa\\\/#\\\/schema\\\/logo\\\/image\\\/\"},\"sameAs\":[\"https:\\\/\\\/facebook.com\\\/aidacobos.kata\",\"https:\\\/\\\/x.com\\\/aidacoboskata\",\"https:\\\/\\\/instagram.com\\\/kataproducciones\",\"https:\\\/\\\/www.vimeo.com\\\/user96025338\",\"https:\\\/\\\/www.youtube.com\\\/channel\\\/UC2PQZed3euLJT9r9MlO-eSA\"]},{\"@type\":\"Person\",\"@id\":\"https:\\\/\\\/kataproducciones.es\\\/prensa\\\/#\\\/schema\\\/person\\\/007d741f44a769da580f040659521923\",\"name\":\"Kata Producciones\",\"url\":\"https:\\\/\\\/kataproducciones.es\\\/prensa\\\/author\\\/kata\\\/\"}]}<\/script>\n<!-- \/ Yoast SEO plugin. -->","yoast_head_json":{"title":"Canal Extremadura Radio (Agitaci\u00f3n y cultura) - Prensa","robots":{"index":"index","follow":"follow","max-snippet":"max-snippet:-1","max-image-preview":"max-image-preview:large","max-video-preview":"max-video-preview:-1"},"canonical":"https:\/\/kataproducciones.es\/prensa\/canal-extremadura-radio-agitacion-y-cultura\/","og_locale":"es_ES","og_type":"article","og_title":"Canal Extremadura Radio (Agitaci\u00f3n y cultura) - Prensa","og_description":"Entrevista en el programa Agitaci\u00f3n y Cultura del Canal Extremadura Radio.","og_url":"https:\/\/kataproducciones.es\/prensa\/canal-extremadura-radio-agitacion-y-cultura\/","og_site_name":"Prensa","article_publisher":"https:\/\/facebook.com\/aidacobos.kata","article_published_time":"2019-03-28T19:24:39+00:00","article_modified_time":"2019-09-01T11:34:57+00:00","og_image":[{"url":"http:\/\/www.canalextremadura.es\/sites\/default\/files\/styles\/nuevo_dise_o_-_mediana\/public\/imagenes-nuevo-disenio\/programas\/agitacion_y_cultura_listado_800x450px.jpg?itok=uAXECpsq","type":"","width":"","height":""}],"author":"Kata Producciones","twitter_card":"summary_large_image","twitter_creator":"@aidacoboskata","twitter_site":"@aidacoboskata","twitter_misc":{"Escrito por":"Kata Producciones"},"schema":{"@context":"https:\/\/schema.org","@graph":[{"@type":"Article","@id":"https:\/\/kataproducciones.es\/prensa\/canal-extremadura-radio-agitacion-y-cultura\/#article","isPartOf":{"@id":"https:\/\/kataproducciones.es\/prensa\/canal-extremadura-radio-agitacion-y-cultura\/"},"author":{"name":"Kata Producciones","@id":"https:\/\/kataproducciones.es\/prensa\/#\/schema\/person\/007d741f44a769da580f040659521923"},"headline":"Canal Extremadura Radio (Agitaci\u00f3n y cultura)","datePublished":"2019-03-28T19:24:39+00:00","dateModified":"2019-09-01T11:34:57+00:00","mainEntityOfPage":{"@id":"https:\/\/kataproducciones.es\/prensa\/canal-extremadura-radio-agitacion-y-cultura\/"},"wordCount":19,"commentCount":0,"publisher":{"@id":"https:\/\/kataproducciones.es\/prensa\/#organization"},"image":{"@id":"https:\/\/kataproducciones.es\/prensa\/canal-extremadura-radio-agitacion-y-cultura\/#primaryimage"},"thumbnailUrl":"http:\/\/www.canalextremadura.es\/sites\/default\/files\/styles\/nuevo_dise_o_-_mediana\/public\/imagenes-nuevo-disenio\/programas\/agitacion_y_cultura_listado_800x450px.jpg?itok=uAXECpsq","keywords":["5 pieles 5 historias","aida cobos","Badajoz","baile sal\u00f3n","constelaciones familiares","COPE","d\u00eda mundial del teatro","drama","extremadura","femenino","flamenco","kata producciones","L\u00f3pez de Ayala","mujer","performance","radio","swing"],"articleSection":["5 Pieles 5 Historias","Imaginakata","Radio"],"inLanguage":"es","potentialAction":[{"@type":"CommentAction","name":"Comment","target":["https:\/\/kataproducciones.es\/prensa\/canal-extremadura-radio-agitacion-y-cultura\/#respond"]}]},{"@type":"WebPage","@id":"https:\/\/kataproducciones.es\/prensa\/canal-extremadura-radio-agitacion-y-cultura\/","url":"https:\/\/kataproducciones.es\/prensa\/canal-extremadura-radio-agitacion-y-cultura\/","name":"Canal Extremadura Radio (Agitaci\u00f3n y cultura) - Prensa","isPartOf":{"@id":"https:\/\/kataproducciones.es\/prensa\/#website"},"primaryImageOfPage":{"@id":"https:\/\/kataproducciones.es\/prensa\/canal-extremadura-radio-agitacion-y-cultura\/#primaryimage"},"image":{"@id":"https:\/\/kataproducciones.es\/prensa\/canal-extremadura-radio-agitacion-y-cultura\/#primaryimage"},"thumbnailUrl":"http:\/\/www.canalextremadura.es\/sites\/default\/files\/styles\/nuevo_dise_o_-_mediana\/public\/imagenes-nuevo-disenio\/programas\/agitacion_y_cultura_listado_800x450px.jpg?itok=uAXECpsq","datePublished":"2019-03-28T19:24:39+00:00","dateModified":"2019-09-01T11:34:57+00:00","breadcrumb":{"@id":"https:\/\/kataproducciones.es\/prensa\/canal-extremadura-radio-agitacion-y-cultura\/#breadcrumb"},"inLanguage":"es","potentialAction":[{"@type":"ReadAction","target":["https:\/\/kataproducciones.es\/prensa\/canal-extremadura-radio-agitacion-y-cultura\/"]}]},{"@type":"ImageObject","inLanguage":"es","@id":"https:\/\/kataproducciones.es\/prensa\/canal-extremadura-radio-agitacion-y-cultura\/#primaryimage","url":"http:\/\/www.canalextremadura.es\/sites\/default\/files\/styles\/nuevo_dise_o_-_mediana\/public\/imagenes-nuevo-disenio\/programas\/agitacion_y_cultura_listado_800x450px.jpg?itok=uAXECpsq","contentUrl":"http:\/\/www.canalextremadura.es\/sites\/default\/files\/styles\/nuevo_dise_o_-_mediana\/public\/imagenes-nuevo-disenio\/programas\/agitacion_y_cultura_listado_800x450px.jpg?itok=uAXECpsq"},{"@type":"BreadcrumbList","@id":"https:\/\/kataproducciones.es\/prensa\/canal-extremadura-radio-agitacion-y-cultura\/#breadcrumb","itemListElement":[{"@type":"ListItem","position":1,"name":"Portada","item":"https:\/\/kataproducciones.es\/prensa\/"},{"@type":"ListItem","position":2,"name":"Canal Extremadura Radio (Agitaci\u00f3n y cultura)"}]},{"@type":"WebSite","@id":"https:\/\/kataproducciones.es\/prensa\/#website","url":"https:\/\/kataproducciones.es\/prensa\/","name":"Prensa Kata Producciones","description":"Nuestra presencia en los medios ","publisher":{"@id":"https:\/\/kataproducciones.es\/prensa\/#organization"},"potentialAction":[{"@type":"SearchAction","target":{"@type":"EntryPoint","urlTemplate":"https:\/\/kataproducciones.es\/prensa\/?s={search_term_string}"},"query-input":{"@type":"PropertyValueSpecification","valueRequired":true,"valueName":"search_term_string"}}],"inLanguage":"es"},{"@type":"Organization","@id":"https:\/\/kataproducciones.es\/prensa\/#organization","name":"Kata Producciones","url":"https:\/\/kataproducciones.es\/prensa\/","logo":{"@type":"ImageObject","inLanguage":"es","@id":"https:\/\/kataproducciones.es\/prensa\/#\/schema\/logo\/image\/","url":"https:\/\/kataproducciones.es\/prensa\/wp-content\/uploads\/sites\/7\/2019\/08\/cropped-Krojo-1.png","contentUrl":"https:\/\/kataproducciones.es\/prensa\/wp-content\/uploads\/sites\/7\/2019\/08\/cropped-Krojo-1.png","width":599,"height":602,"caption":"Kata Producciones"},"image":{"@id":"https:\/\/kataproducciones.es\/prensa\/#\/schema\/logo\/image\/"},"sameAs":["https:\/\/facebook.com\/aidacobos.kata","https:\/\/x.com\/aidacoboskata","https:\/\/instagram.com\/kataproducciones","https:\/\/www.vimeo.com\/user96025338","https:\/\/www.youtube.com\/channel\/UC2PQZed3euLJT9r9MlO-eSA"]},{"@type":"Person","@id":"https:\/\/kataproducciones.es\/prensa\/#\/schema\/person\/007d741f44a769da580f040659521923","name":"Kata Producciones","url":"https:\/\/kataproducciones.es\/prensa\/author\/kata\/"}]}},"_links":{"self":[{"href":"https:\/\/kataproducciones.es\/prensa\/wp-json\/wp\/v2\/posts\/59","targetHints":{"allow":["GET"]}}],"collection":[{"href":"https:\/\/kataproducciones.es\/prensa\/wp-json\/wp\/v2\/posts"}],"about":[{"href":"https:\/\/kataproducciones.es\/prensa\/wp-json\/wp\/v2\/types\/post"}],"author":[{"embeddable":true,"href":"https:\/\/kataproducciones.es\/prensa\/wp-json\/wp\/v2\/users\/1"}],"replies":[{"embeddable":true,"href":"https:\/\/kataproducciones.es\/prensa\/wp-json\/wp\/v2\/comments?post=59"}],"version-history":[{"count":1,"href":"https:\/\/kataproducciones.es\/prensa\/wp-json\/wp\/v2\/posts\/59\/revisions"}],"predecessor-version":[{"id":60,"href":"https:\/\/kataproducciones.es\/prensa\/wp-json\/wp\/v2\/posts\/59\/revisions\/60"}],"wp:attachment":[{"href":"https:\/\/kataproducciones.es\/prensa\/wp-json\/wp\/v2\/media?parent=59"}],"wp:term":[{"taxonomy":"category","embeddable":true,"href":"https:\/\/kataproducciones.es\/prensa\/wp-json\/wp\/v2\/categories?post=59"},{"taxonomy":"post_tag","embeddable":true,"href":"https:\/\/kataproducciones.es\/prensa\/wp-json\/wp\/v2\/tags?post=59"}],"curies":[{"name":"wp","href":"https:\/\/api.w.org\/{rel}","templated":true}]}}