{"id":229,"date":"2014-02-23T12:20:57","date_gmt":"2014-02-23T11:20:57","guid":{"rendered":"http:\/\/matrioskas.radioalmaina.org\/?p=229"},"modified":"2019-09-06T23:36:54","modified_gmt":"2019-09-06T21:36:54","slug":"mitos-de-la-lactancia","status":"publish","type":"post","link":"https:\/\/kataproducciones.es\/matrioskas\/mitos-de-la-lactancia\/","title":{"rendered":"Mitos de la lactancia"},"content":{"rendered":"<!--[if lt IE 9]><script>document.createElement('audio');<\/script><![endif]-->\n<audio class=\"wp-audio-shortcode\" id=\"audio-229-1\" preload=\"none\" style=\"width: 100%;\" controls=\"controls\"><source type=\"audio\/mpeg\" src=\"http:\/\/archive.org\/download\/06matrioskasmitoslactanciaestereo\/06matrioskasmitoslactanciaestereo.mp3?_=1\" \/><a href=\"http:\/\/archive.org\/download\/06matrioskasmitoslactanciaestereo\/06matrioskasmitoslactanciaestereo.mp3\">http:\/\/archive.org\/download\/06matrioskasmitoslactanciaestereo\/06matrioskasmitoslactanciaestereo.mp3<\/a><\/audio>\n<p><a href=\"http:\/\/archive.org\/download\/06matrioskasmitoslactanciaestereo\/06matrioskasmitoslactanciaestereo.mp3\">Descargar podcast: Mitos lactancia materna<\/a><\/p>\n<p>Mientras preparamos un nuevo<img loading=\"lazy\" decoding=\"async\" class=\"alignleft wp-image-234 size-medium\" src=\"https:\/\/kataproducciones.es\/matrioskas\/wp-content\/uploads\/sites\/6\/2014\/02\/foto-06-1.jpg?w=300\" alt=\"Mitos de la lactancia\" width=\"300\" height=\"225\" \/> cap\u00edtulo de Matrioskas, hemos elaborado este mix con informaci\u00f3n sobre los mitos de la lactancia procedente directamente de La Liga de la Leche, y m\u00fasica libre que ya o\u00edmos en anteriores programas de Matrioskas.<\/p>\n<p><strong><span style=\"color: #003366;\">Recursos<\/span><\/strong><\/p>\n<p><a href=\"http:\/\/www.llli.org\/lang\/espanol\/ncvol17_4_05.html\" target=\"_blank\" rel=\"noopener noreferrer\">Mitos de la lactancia en la Liga de la Leche<\/a><\/p>\n<p><a href=\"http:\/\/www.laligadelaleche.es\/lactancia_materna\/diez_claves.htm\" target=\"_blank\" rel=\"noopener noreferrer\">Diez claves de la lactancia materna por La Liga de la Leche<\/a>\u00a0en Espa\u00f1a.<\/p>\n<p><a href=\"http:\/\/www.ortodoncia.ws\/publicaciones\/2012\/art20.asp\" target=\"_blank\" rel=\"noopener noreferrer\"><b>Relaci\u00f3n de la lactancia materna y el desarrollo Dento-Buco-M\u00e1xilo-Facial: Revisi\u00f3n de la literatura latinoamerica<\/b><\/a><\/p>\n<p><a href=\"http:\/\/saber.ucv.ve\/jspui\/handle\/123456789\/3943\" target=\"_blank\" rel=\"noopener noreferrer\">Lactancia materna y maloclusiones dentales en preescolares de la Gran Caracas<\/a><\/p>\n<p><a href=\"http:\/\/www.sld.cu\/galerias\/pdf\/uvs\/saludbucal\/micrognatismo.pdf\" target=\"_blank\" rel=\"noopener noreferrer\">Influencia de la lactancia materna en el micrognatismo transversal de los arcos dentarios<\/a><\/p>\n<p><a href=\"http:\/\/aquichan.unisabana.edu.co\/index.php\/aquichan\/article\/view\/2129\" target=\"_blank\" rel=\"noopener noreferrer\">Papel de la<strong> abuela<\/strong> en la lactancia materna<\/a><\/p>\n<p><a href=\"http:\/\/digital.csic.es\/handle\/10261\/82609\" target=\"_blank\" rel=\"noopener noreferrer\">La lactancia materna en <strong>Andaluc\u00eda<\/strong><\/a>\u00a0(<a href=\"http:\/\/digital.csic.es\/bitstream\/10261\/82609\/1\/408452.pdf\" target=\"_blank\" rel=\"noopener noreferrer\">enlace archivo pdf<\/a>)<\/p>\n<p><a href=\"http:\/\/www.cromos.com.co\/estilo-de-vida\/salud-y-belleza\/articulo-147928-la-lactancia-materna-una-vacuna-natural-contra-la-hiperactividad\" target=\"_blank\" rel=\"noopener noreferrer\">Noticia sobre estudio que relaciona a la lactancia materna con protecci\u00f3n frente al desarrollo del \u00a0T<strong>rastorno\u00a0por D\u00e9ficit de Atenci\u00f3n con Hiperactividad<\/strong><\/a>. Aqu\u00ed teneis el art\u00edculo original (en ingl\u00e9s)<a href=\"http:\/\/oem.doctorsonly.co.il\/wp-content\/uploads\/2013\/06\/%D7%9E%D7%90%D7%9E%D7%A8-%D7%93%D7%A8-%D7%91%D7%9C%D7%95%D7%9A-%D7%94%D7%A0%D7%A7%D7%94.pdf\" target=\"_blank\" rel=\"noopener noreferrer\">\u00a0Breastfeeding May Protect from Developing Attention-Deficit\/Hyperactivity Disorder<\/a><\/p>\n<p><a title=\"Lactancia materna escudo protector\" href=\"https:\/\/disiciencia.wordpress.com\/2012\/02\/22\/la-lactancia-materna-es-un-escudo-protector-2\/\">Lactancia materna escudo protector\u00a0<\/a>(Escudo protector frente las adiciones)<\/p>\n<p><a title=\"Lactancia materna y desarrollo cognitivo\" href=\"http:\/\/www.ncbi.nlm.nih.gov\/pubmed\/18458209\" target=\"_blank\" rel=\"noopener noreferrer\">Kramer MS, Aboud F, Mironova E, Vanilovich I, Platt RW, Matush L, et al. 2008. Breastfeeding and child cognitive development. New evidence from a large randomized trial. Arch Gen Psychiatry 65:578\u2013584\u00a0<\/a>(Estudio que se realiz\u00f3 en biolorrusia en el que llegaron a la conclusi\u00f3n de que la lactancia materna prolongada y en exclusividad produce una mejora en el desarrollo congitivo) Est\u00e1 en ingl\u00e9s<\/p>\n<p><a href=\"http:\/\/helvia.uco.es\/xmlui\/bitstream\/handle\/10396\/275\/13207192.pdf?sequence=1\" target=\"_blank\" rel=\"noopener noreferrer\">Tesis doctoral:Influencia de la lactancia materna sobre el desarrollo psicomotor y mental del ni\u00f1o.<\/a><\/p>\n<p><a href=\"http:\/\/disiciencia.wordpress.com\/2012\/02\/27\/historia-de-la-infancia-del-abandono-a-la-violencia-2\/\" target=\"_blank\" rel=\"noopener noreferrer\">Historia de la infancia: del abandono a la violencia<\/a>. (Interesantes datos sobre la duraci\u00f3n de la lactancia a lo largo de la historia)<\/p>\n<p><a title=\"Autoregulaci\u00f3n y lactancia\" href=\"http:\/\/www.holistika.net\/parto_natural\/lactancia_materna\/autorregulacion_y_lactancia.asp\" target=\"_blank\" rel=\"noopener noreferrer\">Autoregulaci\u00f3n y lactancia<\/a><\/p>\n<p><strong><span style=\"color: #993300;\">M\u00fasica<\/span><\/strong><\/p>\n<p>Las canciones que se oyen en el programa por orden de aparici\u00f3n son:<\/p>\n<p>1. El Mouqadima de Mashrou Leila del album El Hal Romany (L\u00edbano)<\/p>\n<p>2. Debojka de Paniks del album Ethnotica (Serbia) se puede conseguir en el portal\u00a0\u00a0<a href=\"http:\/\/freemusicarchive.org\/\" target=\"_blank\" rel=\"noopener noreferrer\">Freemusic<\/a><\/p>\n<p>3.Yona de Pharaoh&#8217;s Daugther del album Live on WFMU&#8217;S Transpacific Sound Paradise (New York).\u00a0\u00a0<a href=\"http:\/\/freemusicarchive.org\/\" target=\"_blank\" rel=\"noopener noreferrer\">Freemusic<\/a><\/p>\n<p>4.Yene Neger (Gossage Tesfaye) de Deboband.\u00a0\u00a0<a href=\"http:\/\/freemusicarchive.org\/\" target=\"_blank\" rel=\"noopener noreferrer\">Freemusic<\/a><\/p>\n<p>5.Melanie del album Impulse de Evgeny Emelyanov. <a href=\"http:\/\/www.jamendo.com\" target=\"_blank\" rel=\"noopener noreferrer\">Jamendo<\/a><\/p>\n<p>6.Angel&#8217;s tear de Celestial Aeon Project del Album Aeon 2 (Finlandia, Helsinki). <a href=\"http:\/\/www.jamendo.com\" target=\"_blank\" rel=\"noopener noreferrer\">Jamendo<\/a><\/p>\n<p>7.Beautiful full moon del album Di noce de Massimo Di Nocera. La podeis conseguir en el portal <a href=\"http:\/\/www.jamendo.com\" target=\"_blank\" rel=\"noopener noreferrer\">Jamendo<\/a>.<\/p>\n<p>8.Rain Surround del album \u00a0<a href=\"http:\/\/www.jamendo.com\/es\/list\/a82208\/sounds-of-nature-for-relaxation\">Sounds of Nature for Relaxation<\/a>\u00a0de Anjey Satori.\u00a0<a href=\"http:\/\/www.jamendo.com\" target=\"_blank\" rel=\"noopener noreferrer\">Jamendo<\/a><\/p>\n<p>9.Not alone de Rob Costlow del album Woods of chaos (Chicago,EEUU) se puede conseguir en el portal <a href=\"http:\/\/www.jamendo.com\" target=\"_blank\" rel=\"noopener noreferrer\">Jamendo<\/a><\/p>\n<p>10.The Yao Jing Parade de Unicite del album The mixtapes vol 3 (Canada, Montreal)<a href=\"http:\/\/www.jamendo.com\" target=\"_blank\" rel=\"noopener noreferrer\">Jamendo<\/a><\/p>\n<p>11.Varshaver de MWE del album Demo (Oakland, California)\u00a0\u00a0<a href=\"http:\/\/freemusicarchive.org\/\" target=\"_blank\" rel=\"noopener noreferrer\">Freemusic<\/a><\/p>\n","protected":false},"excerpt":{"rendered":"<p>Descargar podcast: Mitos lactancia materna Mientras preparamos un nuevo cap\u00edtulo de Matrioskas, hemos elaborado este mix con informaci\u00f3n sobre los mitos de la lactancia procedente directamente de La Liga de la Leche, y m\u00fasica libre que ya o\u00edmos en anteriores programas de Matrioskas. Recursos Mitos de la lactancia en la Liga de la Leche Diez [&hellip;]<\/p>\n","protected":false},"author":4,"featured_media":412,"comment_status":"open","ping_status":"closed","sticky":false,"template":"","format":"standard","meta":{"footnotes":""},"categories":[5],"tags":[16,87,31,41,47,51,88,56],"class_list":{"0":"post-229","1":"post","2":"type-post","3":"status-publish","4":"format-standard","5":"has-post-thumbnail","7":"category-lactancia-materna","8":"tag-casilda-rodriganez","9":"tag-chupete","10":"tag-free-canal-matrioskas","11":"tag-lactancia","12":"tag-maternidad","13":"tag-matrioskas","14":"tag-mentiras","15":"tag-mitos","16":"czr-hentry"},"yoast_head":"<!-- This site is optimized with the Yoast SEO plugin v27.4 - https:\/\/yoast.com\/product\/yoast-seo-wordpress\/ -->\n<title>Mitos de la lactancia - Free Canal MatriosKas<\/title>\n<meta name=\"robots\" content=\"index, follow, max-snippet:-1, max-image-preview:large, max-video-preview:-1\" \/>\n<link rel=\"canonical\" href=\"https:\/\/kataproducciones.es\/matrioskas\/mitos-de-la-lactancia\/\" \/>\n<meta property=\"og:locale\" content=\"es_ES\" \/>\n<meta property=\"og:type\" content=\"article\" \/>\n<meta property=\"og:title\" content=\"Mitos de la lactancia - Free Canal MatriosKas\" \/>\n<meta property=\"og:description\" content=\"Descargar podcast: Mitos lactancia materna Mientras preparamos un nuevo cap\u00edtulo de Matrioskas, hemos elaborado este mix con informaci\u00f3n sobre los mitos de la lactancia procedente directamente de La Liga de la Leche, y m\u00fasica libre que ya o\u00edmos en anteriores programas de Matrioskas. Recursos Mitos de la lactancia en la Liga de la Leche Diez [&hellip;]\" \/>\n<meta property=\"og:url\" content=\"https:\/\/kataproducciones.es\/matrioskas\/mitos-de-la-lactancia\/\" \/>\n<meta property=\"og:site_name\" content=\"Free Canal MatriosKas\" \/>\n<meta property=\"article:published_time\" content=\"2014-02-23T11:20:57+00:00\" \/>\n<meta property=\"article:modified_time\" content=\"2019-09-06T21:36:54+00:00\" \/>\n<meta property=\"og:image\" content=\"https:\/\/kataproducciones.es\/matrioskas\/wp-content\/uploads\/sites\/6\/2014\/02\/foto-06-1.jpg\" \/>\n\t<meta property=\"og:image:width\" content=\"2288\" \/>\n\t<meta property=\"og:image:height\" content=\"1716\" \/>\n\t<meta property=\"og:image:type\" content=\"image\/jpeg\" \/>\n<meta name=\"author\" content=\"freecanalmatrioskas\" \/>\n<meta name=\"twitter:card\" content=\"summary_large_image\" \/>\n<meta name=\"twitter:label1\" content=\"Escrito por\" \/>\n\t<meta name=\"twitter:data1\" content=\"freecanalmatrioskas\" \/>\n\t<meta name=\"twitter:label2\" content=\"Tiempo de lectura\" \/>\n\t<meta name=\"twitter:data2\" content=\"2 minutos\" \/>\n<script type=\"application\/ld+json\" class=\"yoast-schema-graph\">{\"@context\":\"https:\\\/\\\/schema.org\",\"@graph\":[{\"@type\":\"Article\",\"@id\":\"https:\\\/\\\/kataproducciones.es\\\/matrioskas\\\/mitos-de-la-lactancia\\\/#article\",\"isPartOf\":{\"@id\":\"https:\\\/\\\/kataproducciones.es\\\/matrioskas\\\/mitos-de-la-lactancia\\\/\"},\"author\":{\"name\":\"freecanalmatrioskas\",\"@id\":\"https:\\\/\\\/kataproducciones.es\\\/matrioskas\\\/#\\\/schema\\\/person\\\/a1192bbf94a48b412a171daac29121da\"},\"headline\":\"Mitos de la lactancia\",\"datePublished\":\"2014-02-23T11:20:57+00:00\",\"dateModified\":\"2019-09-06T21:36:54+00:00\",\"mainEntityOfPage\":{\"@id\":\"https:\\\/\\\/kataproducciones.es\\\/matrioskas\\\/mitos-de-la-lactancia\\\/\"},\"wordCount\":462,\"commentCount\":1,\"publisher\":{\"@id\":\"https:\\\/\\\/kataproducciones.es\\\/matrioskas\\\/#\\\/schema\\\/person\\\/007d741f44a769da580f040659521923\"},\"image\":{\"@id\":\"https:\\\/\\\/kataproducciones.es\\\/matrioskas\\\/mitos-de-la-lactancia\\\/#primaryimage\"},\"thumbnailUrl\":\"https:\\\/\\\/kataproducciones.es\\\/matrioskas\\\/wp-content\\\/uploads\\\/sites\\\/6\\\/2014\\\/02\\\/foto-06-1.jpg\",\"keywords\":[\"casilda rodriga\u00f1ez\",\"chupete\",\"free canal matrioskas\",\"lactancia\",\"maternidad\",\"Matrioskas\",\"mentiras\",\"mitos\"],\"articleSection\":[\"Lactancia materna\"],\"inLanguage\":\"es\",\"potentialAction\":[{\"@type\":\"CommentAction\",\"name\":\"Comment\",\"target\":[\"https:\\\/\\\/kataproducciones.es\\\/matrioskas\\\/mitos-de-la-lactancia\\\/#respond\"]}]},{\"@type\":\"WebPage\",\"@id\":\"https:\\\/\\\/kataproducciones.es\\\/matrioskas\\\/mitos-de-la-lactancia\\\/\",\"url\":\"https:\\\/\\\/kataproducciones.es\\\/matrioskas\\\/mitos-de-la-lactancia\\\/\",\"name\":\"Mitos de la lactancia - Free Canal MatriosKas\",\"isPartOf\":{\"@id\":\"https:\\\/\\\/kataproducciones.es\\\/matrioskas\\\/#website\"},\"primaryImageOfPage\":{\"@id\":\"https:\\\/\\\/kataproducciones.es\\\/matrioskas\\\/mitos-de-la-lactancia\\\/#primaryimage\"},\"image\":{\"@id\":\"https:\\\/\\\/kataproducciones.es\\\/matrioskas\\\/mitos-de-la-lactancia\\\/#primaryimage\"},\"thumbnailUrl\":\"https:\\\/\\\/kataproducciones.es\\\/matrioskas\\\/wp-content\\\/uploads\\\/sites\\\/6\\\/2014\\\/02\\\/foto-06-1.jpg\",\"datePublished\":\"2014-02-23T11:20:57+00:00\",\"dateModified\":\"2019-09-06T21:36:54+00:00\",\"breadcrumb\":{\"@id\":\"https:\\\/\\\/kataproducciones.es\\\/matrioskas\\\/mitos-de-la-lactancia\\\/#breadcrumb\"},\"inLanguage\":\"es\",\"potentialAction\":[{\"@type\":\"ReadAction\",\"target\":[\"https:\\\/\\\/kataproducciones.es\\\/matrioskas\\\/mitos-de-la-lactancia\\\/\"]}]},{\"@type\":\"ImageObject\",\"inLanguage\":\"es\",\"@id\":\"https:\\\/\\\/kataproducciones.es\\\/matrioskas\\\/mitos-de-la-lactancia\\\/#primaryimage\",\"url\":\"https:\\\/\\\/kataproducciones.es\\\/matrioskas\\\/wp-content\\\/uploads\\\/sites\\\/6\\\/2014\\\/02\\\/foto-06-1.jpg\",\"contentUrl\":\"https:\\\/\\\/kataproducciones.es\\\/matrioskas\\\/wp-content\\\/uploads\\\/sites\\\/6\\\/2014\\\/02\\\/foto-06-1.jpg\",\"width\":2288,\"height\":1716},{\"@type\":\"BreadcrumbList\",\"@id\":\"https:\\\/\\\/kataproducciones.es\\\/matrioskas\\\/mitos-de-la-lactancia\\\/#breadcrumb\",\"itemListElement\":[{\"@type\":\"ListItem\",\"position\":1,\"name\":\"Portada\",\"item\":\"https:\\\/\\\/kataproducciones.es\\\/matrioskas\\\/\"},{\"@type\":\"ListItem\",\"position\":2,\"name\":\"Mitos de la lactancia\"}]},{\"@type\":\"WebSite\",\"@id\":\"https:\\\/\\\/kataproducciones.es\\\/matrioskas\\\/#website\",\"url\":\"https:\\\/\\\/kataproducciones.es\\\/matrioskas\\\/\",\"name\":\"Free Canal MatriosKas\",\"description\":\"\u00dateros, mamas y otras crianzas\",\"publisher\":{\"@id\":\"https:\\\/\\\/kataproducciones.es\\\/matrioskas\\\/#\\\/schema\\\/person\\\/007d741f44a769da580f040659521923\"},\"potentialAction\":[{\"@type\":\"SearchAction\",\"target\":{\"@type\":\"EntryPoint\",\"urlTemplate\":\"https:\\\/\\\/kataproducciones.es\\\/matrioskas\\\/?s={search_term_string}\"},\"query-input\":{\"@type\":\"PropertyValueSpecification\",\"valueRequired\":true,\"valueName\":\"search_term_string\"}}],\"inLanguage\":\"es\"},{\"@type\":[\"Person\",\"Organization\"],\"@id\":\"https:\\\/\\\/kataproducciones.es\\\/matrioskas\\\/#\\\/schema\\\/person\\\/007d741f44a769da580f040659521923\",\"name\":\"Kata Producciones\",\"logo\":{\"@id\":\"https:\\\/\\\/kataproducciones.es\\\/matrioskas\\\/#\\\/schema\\\/person\\\/image\\\/\"}},{\"@type\":\"Person\",\"@id\":\"https:\\\/\\\/kataproducciones.es\\\/matrioskas\\\/#\\\/schema\\\/person\\\/a1192bbf94a48b412a171daac29121da\",\"name\":\"freecanalmatrioskas\"}]}<\/script>\n<!-- \/ Yoast SEO plugin. -->","yoast_head_json":{"title":"Mitos de la lactancia - Free Canal MatriosKas","robots":{"index":"index","follow":"follow","max-snippet":"max-snippet:-1","max-image-preview":"max-image-preview:large","max-video-preview":"max-video-preview:-1"},"canonical":"https:\/\/kataproducciones.es\/matrioskas\/mitos-de-la-lactancia\/","og_locale":"es_ES","og_type":"article","og_title":"Mitos de la lactancia - Free Canal MatriosKas","og_description":"Descargar podcast: Mitos lactancia materna Mientras preparamos un nuevo cap\u00edtulo de Matrioskas, hemos elaborado este mix con informaci\u00f3n sobre los mitos de la lactancia procedente directamente de La Liga de la Leche, y m\u00fasica libre que ya o\u00edmos en anteriores programas de Matrioskas. Recursos Mitos de la lactancia en la Liga de la Leche Diez [&hellip;]","og_url":"https:\/\/kataproducciones.es\/matrioskas\/mitos-de-la-lactancia\/","og_site_name":"Free Canal MatriosKas","article_published_time":"2014-02-23T11:20:57+00:00","article_modified_time":"2019-09-06T21:36:54+00:00","og_image":[{"width":2288,"height":1716,"url":"https:\/\/kataproducciones.es\/matrioskas\/wp-content\/uploads\/sites\/6\/2014\/02\/foto-06-1.jpg","type":"image\/jpeg"}],"author":"freecanalmatrioskas","twitter_card":"summary_large_image","twitter_misc":{"Escrito por":"freecanalmatrioskas","Tiempo de lectura":"2 minutos"},"schema":{"@context":"https:\/\/schema.org","@graph":[{"@type":"Article","@id":"https:\/\/kataproducciones.es\/matrioskas\/mitos-de-la-lactancia\/#article","isPartOf":{"@id":"https:\/\/kataproducciones.es\/matrioskas\/mitos-de-la-lactancia\/"},"author":{"name":"freecanalmatrioskas","@id":"https:\/\/kataproducciones.es\/matrioskas\/#\/schema\/person\/a1192bbf94a48b412a171daac29121da"},"headline":"Mitos de la lactancia","datePublished":"2014-02-23T11:20:57+00:00","dateModified":"2019-09-06T21:36:54+00:00","mainEntityOfPage":{"@id":"https:\/\/kataproducciones.es\/matrioskas\/mitos-de-la-lactancia\/"},"wordCount":462,"commentCount":1,"publisher":{"@id":"https:\/\/kataproducciones.es\/matrioskas\/#\/schema\/person\/007d741f44a769da580f040659521923"},"image":{"@id":"https:\/\/kataproducciones.es\/matrioskas\/mitos-de-la-lactancia\/#primaryimage"},"thumbnailUrl":"https:\/\/kataproducciones.es\/matrioskas\/wp-content\/uploads\/sites\/6\/2014\/02\/foto-06-1.jpg","keywords":["casilda rodriga\u00f1ez","chupete","free canal matrioskas","lactancia","maternidad","Matrioskas","mentiras","mitos"],"articleSection":["Lactancia materna"],"inLanguage":"es","potentialAction":[{"@type":"CommentAction","name":"Comment","target":["https:\/\/kataproducciones.es\/matrioskas\/mitos-de-la-lactancia\/#respond"]}]},{"@type":"WebPage","@id":"https:\/\/kataproducciones.es\/matrioskas\/mitos-de-la-lactancia\/","url":"https:\/\/kataproducciones.es\/matrioskas\/mitos-de-la-lactancia\/","name":"Mitos de la lactancia - Free Canal MatriosKas","isPartOf":{"@id":"https:\/\/kataproducciones.es\/matrioskas\/#website"},"primaryImageOfPage":{"@id":"https:\/\/kataproducciones.es\/matrioskas\/mitos-de-la-lactancia\/#primaryimage"},"image":{"@id":"https:\/\/kataproducciones.es\/matrioskas\/mitos-de-la-lactancia\/#primaryimage"},"thumbnailUrl":"https:\/\/kataproducciones.es\/matrioskas\/wp-content\/uploads\/sites\/6\/2014\/02\/foto-06-1.jpg","datePublished":"2014-02-23T11:20:57+00:00","dateModified":"2019-09-06T21:36:54+00:00","breadcrumb":{"@id":"https:\/\/kataproducciones.es\/matrioskas\/mitos-de-la-lactancia\/#breadcrumb"},"inLanguage":"es","potentialAction":[{"@type":"ReadAction","target":["https:\/\/kataproducciones.es\/matrioskas\/mitos-de-la-lactancia\/"]}]},{"@type":"ImageObject","inLanguage":"es","@id":"https:\/\/kataproducciones.es\/matrioskas\/mitos-de-la-lactancia\/#primaryimage","url":"https:\/\/kataproducciones.es\/matrioskas\/wp-content\/uploads\/sites\/6\/2014\/02\/foto-06-1.jpg","contentUrl":"https:\/\/kataproducciones.es\/matrioskas\/wp-content\/uploads\/sites\/6\/2014\/02\/foto-06-1.jpg","width":2288,"height":1716},{"@type":"BreadcrumbList","@id":"https:\/\/kataproducciones.es\/matrioskas\/mitos-de-la-lactancia\/#breadcrumb","itemListElement":[{"@type":"ListItem","position":1,"name":"Portada","item":"https:\/\/kataproducciones.es\/matrioskas\/"},{"@type":"ListItem","position":2,"name":"Mitos de la lactancia"}]},{"@type":"WebSite","@id":"https:\/\/kataproducciones.es\/matrioskas\/#website","url":"https:\/\/kataproducciones.es\/matrioskas\/","name":"Free Canal MatriosKas","description":"\u00dateros, mamas y otras crianzas","publisher":{"@id":"https:\/\/kataproducciones.es\/matrioskas\/#\/schema\/person\/007d741f44a769da580f040659521923"},"potentialAction":[{"@type":"SearchAction","target":{"@type":"EntryPoint","urlTemplate":"https:\/\/kataproducciones.es\/matrioskas\/?s={search_term_string}"},"query-input":{"@type":"PropertyValueSpecification","valueRequired":true,"valueName":"search_term_string"}}],"inLanguage":"es"},{"@type":["Person","Organization"],"@id":"https:\/\/kataproducciones.es\/matrioskas\/#\/schema\/person\/007d741f44a769da580f040659521923","name":"Kata Producciones","logo":{"@id":"https:\/\/kataproducciones.es\/matrioskas\/#\/schema\/person\/image\/"}},{"@type":"Person","@id":"https:\/\/kataproducciones.es\/matrioskas\/#\/schema\/person\/a1192bbf94a48b412a171daac29121da","name":"freecanalmatrioskas"}]}},"_links":{"self":[{"href":"https:\/\/kataproducciones.es\/matrioskas\/wp-json\/wp\/v2\/posts\/229","targetHints":{"allow":["GET"]}}],"collection":[{"href":"https:\/\/kataproducciones.es\/matrioskas\/wp-json\/wp\/v2\/posts"}],"about":[{"href":"https:\/\/kataproducciones.es\/matrioskas\/wp-json\/wp\/v2\/types\/post"}],"author":[{"embeddable":true,"href":"https:\/\/kataproducciones.es\/matrioskas\/wp-json\/wp\/v2\/users\/4"}],"replies":[{"embeddable":true,"href":"https:\/\/kataproducciones.es\/matrioskas\/wp-json\/wp\/v2\/comments?post=229"}],"version-history":[{"count":2,"href":"https:\/\/kataproducciones.es\/matrioskas\/wp-json\/wp\/v2\/posts\/229\/revisions"}],"predecessor-version":[{"id":575,"href":"https:\/\/kataproducciones.es\/matrioskas\/wp-json\/wp\/v2\/posts\/229\/revisions\/575"}],"wp:featuredmedia":[{"embeddable":true,"href":"https:\/\/kataproducciones.es\/matrioskas\/wp-json\/wp\/v2\/media\/412"}],"wp:attachment":[{"href":"https:\/\/kataproducciones.es\/matrioskas\/wp-json\/wp\/v2\/media?parent=229"}],"wp:term":[{"taxonomy":"category","embeddable":true,"href":"https:\/\/kataproducciones.es\/matrioskas\/wp-json\/wp\/v2\/categories?post=229"},{"taxonomy":"post_tag","embeddable":true,"href":"https:\/\/kataproducciones.es\/matrioskas\/wp-json\/wp\/v2\/tags?post=229"}],"curies":[{"name":"wp","href":"https:\/\/api.w.org\/{rel}","templated":true}]}}