{"id":2136,"date":"2022-03-17T23:00:23","date_gmt":"2022-03-17T22:00:23","guid":{"rendered":"https:\/\/kataproducciones.es\/imaginakata\/?p=2136"},"modified":"2022-03-18T17:16:47","modified_gmt":"2022-03-18T16:16:47","slug":"5-pieles-5-historias-vuelve-a-malaga","status":"publish","type":"post","link":"https:\/\/kataproducciones.es\/imaginakata\/5-pieles-5-historias-vuelve-a-malaga\/","title":{"rendered":"5 Pieles, 5 Historias vuelve a M\u00e1laga"},"content":{"rendered":"\n<p>25 y 27 de marzo, el mejor teatro de la verdad en M\u00e1laga durante la semana del festival de cine, con <a href=\"https:\/\/kataproducciones.es\/trayectoria-de-aida-cobos-actriz-malaga\/\" target=\"_blank\" rel=\"noreferrer noopener\">Aida Cobos<\/a>.<\/p>\n\n\n\n<p>A las 19:00, en la Sala Joaqu\u00edn El\u00e9jar, del <a href=\"http:\/\/www.maynake.es\/\" target=\"_blank\" rel=\"noreferrer noopener\">colectivo Mainake,<\/a><\/p>\n\n\n\n<p>C\/San Juan Bosco, 79 M\u00e1laga<\/p>\n\n\n\n<p>Compra tu entrada online con descuento. 10 \u20ac en taquilla, 8 euros en <a href=\"https:\/\/www.mientrada.net\/evento\/5-pieles-5-historias\/all\/\" target=\"_blank\" rel=\"noreferrer noopener\">mientrada.net<\/a><\/p>\n\n\n\n<p><\/p>\n","protected":false},"excerpt":{"rendered":"<p>25 y 27 de marzo, el mejor teatro de la verdad en M\u00e1laga durante la semana del festival de cine, con Aida Cobos. A las 19:00, en la Sala Joaqu\u00edn El\u00e9jar, del colectivo Mainake, C\/San Juan Bosco, 79 M\u00e1laga Compra tu entrada online con descuento. 10 \u20ac en taquilla, 8 euros en mientrada.net<\/p>\n","protected":false},"author":1,"featured_media":2137,"comment_status":"open","ping_status":"closed","sticky":false,"template":"","format":"standard","meta":{"_kad_post_transparent":"","_kad_post_title":"","_kad_post_layout":"","_kad_post_sidebar_id":"","_kad_post_content_style":"","_kad_post_vertical_padding":"","_kad_post_feature":"","_kad_post_feature_position":"","_kad_post_header":false,"_kad_post_footer":false,"_kad_post_classname":"","footnotes":""},"categories":[9,17],"tags":[12,20,22,68,50,23,48,25,38,37,26,28,71,29,36,30,39,70,31,32,33,69,34,13],"class_list":["post-2136","post","type-post","status-publish","format-standard","has-post-thumbnail","hentry","category-5-pieles-5-historias","category-agenda","tag-5-pieles-5-historias","tag-aida-cobos","tag-baile-salon","tag-colectivo-mainake","tag-compania-teatro-malaga","tag-constelaciones-familiares","tag-costa-del-sol","tag-drama","tag-dreamskata","tag-edukata","tag-extremadura","tag-femenino","tag-festival-de-cine","tag-flamenco","tag-imaginakata","tag-kata-producciones","tag-malaga","tag-mejor-obra-de-teatro","tag-mujer","tag-performance","tag-radio","tag-sala-joaquin-elejar","tag-swing","tag-teatro"],"yoast_head":"<!-- This site is optimized with the Yoast SEO plugin v27.4 - https:\/\/yoast.com\/product\/yoast-seo-wordpress\/ -->\n<title>5 Pieles, 5 Historias vuelve a M\u00e1laga en estado puro<\/title>\n<meta name=\"description\" content=\"25 y 27 de marzo, con Aida Cobos, a las 19:00, en la Sala Joaqu\u00edn El\u00e9jar. Un teatro lleno de verdad, sencillo y puro en M\u00e1laga durante la semana del festival de cine.\" \/>\n<meta name=\"robots\" content=\"index, follow, max-snippet:-1, max-image-preview:large, max-video-preview:-1\" \/>\n<link rel=\"canonical\" href=\"https:\/\/kataproducciones.es\/imaginakata\/5-pieles-5-historias-vuelve-a-malaga\/\" \/>\n<meta property=\"og:locale\" content=\"es_ES\" \/>\n<meta property=\"og:type\" content=\"article\" \/>\n<meta property=\"og:title\" content=\"5 Pieles, 5 Historias vuelve a M\u00e1laga en estado puro\" \/>\n<meta property=\"og:description\" content=\"25 y 27 de marzo, con Aida Cobos, a las 19:00, en la Sala Joaqu\u00edn El\u00e9jar. Un teatro lleno de verdad, sencillo y puro en M\u00e1laga durante la semana del festival de cine.\" \/>\n<meta property=\"og:url\" content=\"https:\/\/kataproducciones.es\/imaginakata\/5-pieles-5-historias-vuelve-a-malaga\/\" \/>\n<meta property=\"og:site_name\" content=\"ImaginaKata\" \/>\n<meta property=\"article:published_time\" content=\"2022-03-17T22:00:23+00:00\" \/>\n<meta property=\"article:modified_time\" content=\"2022-03-18T16:16:47+00:00\" \/>\n<meta property=\"og:image\" content=\"https:\/\/kataproducciones.es\/imaginakata\/wp-content\/uploads\/sites\/8\/2022\/03\/CARTEL5P5H_MAINAKE2022.jpg\" \/>\n\t<meta property=\"og:image:width\" content=\"1138\" \/>\n\t<meta property=\"og:image:height\" content=\"1600\" \/>\n\t<meta property=\"og:image:type\" content=\"image\/jpeg\" \/>\n<meta name=\"author\" content=\"Kata Producciones\" \/>\n<meta name=\"twitter:card\" content=\"summary_large_image\" \/>\n<meta name=\"twitter:label1\" content=\"Escrito por\" \/>\n\t<meta name=\"twitter:data1\" content=\"Kata Producciones\" \/>\n\t<meta name=\"twitter:label2\" content=\"Tiempo de lectura\" \/>\n\t<meta name=\"twitter:data2\" content=\"1 minuto\" \/>\n<script type=\"application\/ld+json\" class=\"yoast-schema-graph\">{\"@context\":\"https:\\\/\\\/schema.org\",\"@graph\":[{\"@type\":\"Article\",\"@id\":\"https:\\\/\\\/kataproducciones.es\\\/imaginakata\\\/5-pieles-5-historias-vuelve-a-malaga\\\/#article\",\"isPartOf\":{\"@id\":\"https:\\\/\\\/kataproducciones.es\\\/imaginakata\\\/5-pieles-5-historias-vuelve-a-malaga\\\/\"},\"author\":{\"name\":\"Kata Producciones\",\"@id\":\"https:\\\/\\\/kataproducciones.es\\\/imaginakata\\\/#\\\/schema\\\/person\\\/007d741f44a769da580f040659521923\"},\"headline\":\"5 Pieles, 5 Historias vuelve a M\u00e1laga\",\"datePublished\":\"2022-03-17T22:00:23+00:00\",\"dateModified\":\"2022-03-18T16:16:47+00:00\",\"mainEntityOfPage\":{\"@id\":\"https:\\\/\\\/kataproducciones.es\\\/imaginakata\\\/5-pieles-5-historias-vuelve-a-malaga\\\/\"},\"wordCount\":58,\"commentCount\":1,\"image\":{\"@id\":\"https:\\\/\\\/kataproducciones.es\\\/imaginakata\\\/5-pieles-5-historias-vuelve-a-malaga\\\/#primaryimage\"},\"thumbnailUrl\":\"https:\\\/\\\/kataproducciones.es\\\/imaginakata\\\/wp-content\\\/uploads\\\/sites\\\/8\\\/2022\\\/03\\\/CARTEL5P5H_MAINAKE2022.jpg\",\"keywords\":[\"5 pieles 5 historias\",\"aida cobos\",\"baile sal\u00f3n\",\"colectivo Mainake\",\"compa\u00f1ia teatro m\u00e1laga\",\"constelaciones familiares\",\"Costa del Sol\",\"drama\",\"dreamskata\",\"edukata\",\"extremadura\",\"femenino\",\"festival de cine\",\"flamenco\",\"imaginakata\",\"kata producciones\",\"M\u00e1laga\",\"mejor obra de teatro\",\"mujer\",\"performance\",\"radio\",\"Sala Joaqu\u00edn El\u00e9jar\",\"swing\",\"teatro\"],\"articleSection\":[\"5 Pieles 5 Historias\",\"Agenda\"],\"inLanguage\":\"es\",\"potentialAction\":[{\"@type\":\"CommentAction\",\"name\":\"Comment\",\"target\":[\"https:\\\/\\\/kataproducciones.es\\\/imaginakata\\\/5-pieles-5-historias-vuelve-a-malaga\\\/#respond\"]}]},{\"@type\":\"WebPage\",\"@id\":\"https:\\\/\\\/kataproducciones.es\\\/imaginakata\\\/5-pieles-5-historias-vuelve-a-malaga\\\/\",\"url\":\"https:\\\/\\\/kataproducciones.es\\\/imaginakata\\\/5-pieles-5-historias-vuelve-a-malaga\\\/\",\"name\":\"5 Pieles, 5 Historias vuelve a M\u00e1laga en estado puro\",\"isPartOf\":{\"@id\":\"https:\\\/\\\/kataproducciones.es\\\/imaginakata\\\/#website\"},\"primaryImageOfPage\":{\"@id\":\"https:\\\/\\\/kataproducciones.es\\\/imaginakata\\\/5-pieles-5-historias-vuelve-a-malaga\\\/#primaryimage\"},\"image\":{\"@id\":\"https:\\\/\\\/kataproducciones.es\\\/imaginakata\\\/5-pieles-5-historias-vuelve-a-malaga\\\/#primaryimage\"},\"thumbnailUrl\":\"https:\\\/\\\/kataproducciones.es\\\/imaginakata\\\/wp-content\\\/uploads\\\/sites\\\/8\\\/2022\\\/03\\\/CARTEL5P5H_MAINAKE2022.jpg\",\"datePublished\":\"2022-03-17T22:00:23+00:00\",\"dateModified\":\"2022-03-18T16:16:47+00:00\",\"author\":{\"@id\":\"https:\\\/\\\/kataproducciones.es\\\/imaginakata\\\/#\\\/schema\\\/person\\\/007d741f44a769da580f040659521923\"},\"description\":\"25 y 27 de marzo, con Aida Cobos, a las 19:00, en la Sala Joaqu\u00edn El\u00e9jar. Un teatro lleno de verdad, sencillo y puro en M\u00e1laga durante la semana del festival de cine.\",\"breadcrumb\":{\"@id\":\"https:\\\/\\\/kataproducciones.es\\\/imaginakata\\\/5-pieles-5-historias-vuelve-a-malaga\\\/#breadcrumb\"},\"inLanguage\":\"es\",\"potentialAction\":[{\"@type\":\"ReadAction\",\"target\":[\"https:\\\/\\\/kataproducciones.es\\\/imaginakata\\\/5-pieles-5-historias-vuelve-a-malaga\\\/\"]}]},{\"@type\":\"ImageObject\",\"inLanguage\":\"es\",\"@id\":\"https:\\\/\\\/kataproducciones.es\\\/imaginakata\\\/5-pieles-5-historias-vuelve-a-malaga\\\/#primaryimage\",\"url\":\"https:\\\/\\\/kataproducciones.es\\\/imaginakata\\\/wp-content\\\/uploads\\\/sites\\\/8\\\/2022\\\/03\\\/CARTEL5P5H_MAINAKE2022.jpg\",\"contentUrl\":\"https:\\\/\\\/kataproducciones.es\\\/imaginakata\\\/wp-content\\\/uploads\\\/sites\\\/8\\\/2022\\\/03\\\/CARTEL5P5H_MAINAKE2022.jpg\",\"width\":1138,\"height\":1600,\"caption\":\"Mejor teatro de la verdad en M\u00e1laga festival cine\"},{\"@type\":\"BreadcrumbList\",\"@id\":\"https:\\\/\\\/kataproducciones.es\\\/imaginakata\\\/5-pieles-5-historias-vuelve-a-malaga\\\/#breadcrumb\",\"itemListElement\":[{\"@type\":\"ListItem\",\"position\":1,\"name\":\"Portada\",\"item\":\"https:\\\/\\\/kataproducciones.es\\\/imaginakata\\\/\"},{\"@type\":\"ListItem\",\"position\":2,\"name\":\"5 Pieles, 5 Historias vuelve a M\u00e1laga\"}]},{\"@type\":\"WebSite\",\"@id\":\"https:\\\/\\\/kataproducciones.es\\\/imaginakata\\\/#website\",\"url\":\"https:\\\/\\\/kataproducciones.es\\\/imaginakata\\\/\",\"name\":\"ImaginaKata\",\"description\":\"Teatro en estado puro\",\"potentialAction\":[{\"@type\":\"SearchAction\",\"target\":{\"@type\":\"EntryPoint\",\"urlTemplate\":\"https:\\\/\\\/kataproducciones.es\\\/imaginakata\\\/?s={search_term_string}\"},\"query-input\":{\"@type\":\"PropertyValueSpecification\",\"valueRequired\":true,\"valueName\":\"search_term_string\"}}],\"inLanguage\":\"es\"},{\"@type\":\"Person\",\"@id\":\"https:\\\/\\\/kataproducciones.es\\\/imaginakata\\\/#\\\/schema\\\/person\\\/007d741f44a769da580f040659521923\",\"name\":\"Kata Producciones\",\"url\":\"https:\\\/\\\/kataproducciones.es\\\/imaginakata\\\/author\\\/kata\\\/\"}]}<\/script>\n<!-- \/ Yoast SEO plugin. -->","yoast_head_json":{"title":"5 Pieles, 5 Historias vuelve a M\u00e1laga en estado puro","description":"25 y 27 de marzo, con Aida Cobos, a las 19:00, en la Sala Joaqu\u00edn El\u00e9jar. Un teatro lleno de verdad, sencillo y puro en M\u00e1laga durante la semana del festival de cine.","robots":{"index":"index","follow":"follow","max-snippet":"max-snippet:-1","max-image-preview":"max-image-preview:large","max-video-preview":"max-video-preview:-1"},"canonical":"https:\/\/kataproducciones.es\/imaginakata\/5-pieles-5-historias-vuelve-a-malaga\/","og_locale":"es_ES","og_type":"article","og_title":"5 Pieles, 5 Historias vuelve a M\u00e1laga en estado puro","og_description":"25 y 27 de marzo, con Aida Cobos, a las 19:00, en la Sala Joaqu\u00edn El\u00e9jar. Un teatro lleno de verdad, sencillo y puro en M\u00e1laga durante la semana del festival de cine.","og_url":"https:\/\/kataproducciones.es\/imaginakata\/5-pieles-5-historias-vuelve-a-malaga\/","og_site_name":"ImaginaKata","article_published_time":"2022-03-17T22:00:23+00:00","article_modified_time":"2022-03-18T16:16:47+00:00","og_image":[{"width":1138,"height":1600,"url":"https:\/\/kataproducciones.es\/imaginakata\/wp-content\/uploads\/sites\/8\/2022\/03\/CARTEL5P5H_MAINAKE2022.jpg","type":"image\/jpeg"}],"author":"Kata Producciones","twitter_card":"summary_large_image","twitter_misc":{"Escrito por":"Kata Producciones","Tiempo de lectura":"1 minuto"},"schema":{"@context":"https:\/\/schema.org","@graph":[{"@type":"Article","@id":"https:\/\/kataproducciones.es\/imaginakata\/5-pieles-5-historias-vuelve-a-malaga\/#article","isPartOf":{"@id":"https:\/\/kataproducciones.es\/imaginakata\/5-pieles-5-historias-vuelve-a-malaga\/"},"author":{"name":"Kata Producciones","@id":"https:\/\/kataproducciones.es\/imaginakata\/#\/schema\/person\/007d741f44a769da580f040659521923"},"headline":"5 Pieles, 5 Historias vuelve a M\u00e1laga","datePublished":"2022-03-17T22:00:23+00:00","dateModified":"2022-03-18T16:16:47+00:00","mainEntityOfPage":{"@id":"https:\/\/kataproducciones.es\/imaginakata\/5-pieles-5-historias-vuelve-a-malaga\/"},"wordCount":58,"commentCount":1,"image":{"@id":"https:\/\/kataproducciones.es\/imaginakata\/5-pieles-5-historias-vuelve-a-malaga\/#primaryimage"},"thumbnailUrl":"https:\/\/kataproducciones.es\/imaginakata\/wp-content\/uploads\/sites\/8\/2022\/03\/CARTEL5P5H_MAINAKE2022.jpg","keywords":["5 pieles 5 historias","aida cobos","baile sal\u00f3n","colectivo Mainake","compa\u00f1ia teatro m\u00e1laga","constelaciones familiares","Costa del Sol","drama","dreamskata","edukata","extremadura","femenino","festival de cine","flamenco","imaginakata","kata producciones","M\u00e1laga","mejor obra de teatro","mujer","performance","radio","Sala Joaqu\u00edn El\u00e9jar","swing","teatro"],"articleSection":["5 Pieles 5 Historias","Agenda"],"inLanguage":"es","potentialAction":[{"@type":"CommentAction","name":"Comment","target":["https:\/\/kataproducciones.es\/imaginakata\/5-pieles-5-historias-vuelve-a-malaga\/#respond"]}]},{"@type":"WebPage","@id":"https:\/\/kataproducciones.es\/imaginakata\/5-pieles-5-historias-vuelve-a-malaga\/","url":"https:\/\/kataproducciones.es\/imaginakata\/5-pieles-5-historias-vuelve-a-malaga\/","name":"5 Pieles, 5 Historias vuelve a M\u00e1laga en estado puro","isPartOf":{"@id":"https:\/\/kataproducciones.es\/imaginakata\/#website"},"primaryImageOfPage":{"@id":"https:\/\/kataproducciones.es\/imaginakata\/5-pieles-5-historias-vuelve-a-malaga\/#primaryimage"},"image":{"@id":"https:\/\/kataproducciones.es\/imaginakata\/5-pieles-5-historias-vuelve-a-malaga\/#primaryimage"},"thumbnailUrl":"https:\/\/kataproducciones.es\/imaginakata\/wp-content\/uploads\/sites\/8\/2022\/03\/CARTEL5P5H_MAINAKE2022.jpg","datePublished":"2022-03-17T22:00:23+00:00","dateModified":"2022-03-18T16:16:47+00:00","author":{"@id":"https:\/\/kataproducciones.es\/imaginakata\/#\/schema\/person\/007d741f44a769da580f040659521923"},"description":"25 y 27 de marzo, con Aida Cobos, a las 19:00, en la Sala Joaqu\u00edn El\u00e9jar. Un teatro lleno de verdad, sencillo y puro en M\u00e1laga durante la semana del festival de cine.","breadcrumb":{"@id":"https:\/\/kataproducciones.es\/imaginakata\/5-pieles-5-historias-vuelve-a-malaga\/#breadcrumb"},"inLanguage":"es","potentialAction":[{"@type":"ReadAction","target":["https:\/\/kataproducciones.es\/imaginakata\/5-pieles-5-historias-vuelve-a-malaga\/"]}]},{"@type":"ImageObject","inLanguage":"es","@id":"https:\/\/kataproducciones.es\/imaginakata\/5-pieles-5-historias-vuelve-a-malaga\/#primaryimage","url":"https:\/\/kataproducciones.es\/imaginakata\/wp-content\/uploads\/sites\/8\/2022\/03\/CARTEL5P5H_MAINAKE2022.jpg","contentUrl":"https:\/\/kataproducciones.es\/imaginakata\/wp-content\/uploads\/sites\/8\/2022\/03\/CARTEL5P5H_MAINAKE2022.jpg","width":1138,"height":1600,"caption":"Mejor teatro de la verdad en M\u00e1laga festival cine"},{"@type":"BreadcrumbList","@id":"https:\/\/kataproducciones.es\/imaginakata\/5-pieles-5-historias-vuelve-a-malaga\/#breadcrumb","itemListElement":[{"@type":"ListItem","position":1,"name":"Portada","item":"https:\/\/kataproducciones.es\/imaginakata\/"},{"@type":"ListItem","position":2,"name":"5 Pieles, 5 Historias vuelve a M\u00e1laga"}]},{"@type":"WebSite","@id":"https:\/\/kataproducciones.es\/imaginakata\/#website","url":"https:\/\/kataproducciones.es\/imaginakata\/","name":"ImaginaKata","description":"Teatro en estado puro","potentialAction":[{"@type":"SearchAction","target":{"@type":"EntryPoint","urlTemplate":"https:\/\/kataproducciones.es\/imaginakata\/?s={search_term_string}"},"query-input":{"@type":"PropertyValueSpecification","valueRequired":true,"valueName":"search_term_string"}}],"inLanguage":"es"},{"@type":"Person","@id":"https:\/\/kataproducciones.es\/imaginakata\/#\/schema\/person\/007d741f44a769da580f040659521923","name":"Kata Producciones","url":"https:\/\/kataproducciones.es\/imaginakata\/author\/kata\/"}]}},"_links":{"self":[{"href":"https:\/\/kataproducciones.es\/imaginakata\/wp-json\/wp\/v2\/posts\/2136","targetHints":{"allow":["GET"]}}],"collection":[{"href":"https:\/\/kataproducciones.es\/imaginakata\/wp-json\/wp\/v2\/posts"}],"about":[{"href":"https:\/\/kataproducciones.es\/imaginakata\/wp-json\/wp\/v2\/types\/post"}],"author":[{"embeddable":true,"href":"https:\/\/kataproducciones.es\/imaginakata\/wp-json\/wp\/v2\/users\/1"}],"replies":[{"embeddable":true,"href":"https:\/\/kataproducciones.es\/imaginakata\/wp-json\/wp\/v2\/comments?post=2136"}],"version-history":[{"count":6,"href":"https:\/\/kataproducciones.es\/imaginakata\/wp-json\/wp\/v2\/posts\/2136\/revisions"}],"predecessor-version":[{"id":2146,"href":"https:\/\/kataproducciones.es\/imaginakata\/wp-json\/wp\/v2\/posts\/2136\/revisions\/2146"}],"wp:featuredmedia":[{"embeddable":true,"href":"https:\/\/kataproducciones.es\/imaginakata\/wp-json\/wp\/v2\/media\/2137"}],"wp:attachment":[{"href":"https:\/\/kataproducciones.es\/imaginakata\/wp-json\/wp\/v2\/media?parent=2136"}],"wp:term":[{"taxonomy":"category","embeddable":true,"href":"https:\/\/kataproducciones.es\/imaginakata\/wp-json\/wp\/v2\/categories?post=2136"},{"taxonomy":"post_tag","embeddable":true,"href":"https:\/\/kataproducciones.es\/imaginakata\/wp-json\/wp\/v2\/tags?post=2136"}],"curies":[{"name":"wp","href":"https:\/\/api.w.org\/{rel}","templated":true}]}}