{"id":2111,"date":"2020-12-19T21:14:00","date_gmt":"2020-12-19T20:14:00","guid":{"rendered":"https:\/\/kataproducciones.es\/imaginakata\/?p=2111"},"modified":"2021-07-23T21:21:23","modified_gmt":"2021-07-23T19:21:23","slug":"cuento-animado-del-solsticio-de-invierno","status":"publish","type":"post","link":"https:\/\/kataproducciones.es\/imaginakata\/cuento-animado-del-solsticio-de-invierno\/","title":{"rendered":"Cuento animado del solsticio de invierno en Torremolinos, por una Navidad laica y plural."},"content":{"rendered":"\n<p>El 19 de diciembre de 2020 estrenamos en el Centro Cultural Pablo Ruiz Picasso de <a href=\"https:\/\/torremolinoscultura.es\/eventos\/detail\/cuento-animado-solsticio-de-invierno\" target=\"_blank\" rel=\"noreferrer noopener\">Torremolinos<\/a> esta propuesta esc\u00e9nica con divulgaci\u00f3n astrof\u00edsica, m\u00fasica y clown. Un 3&#215;1 did\u00e1ctico para todos los p\u00fablicos, para una Navidad laica, ancestral y plural.<\/p>\n\n\n\n<p>Todos los detalles de nuestro cuento de Navidad <a href=\"https:\/\/kataproducciones.es\/imaginakata\/cuento-animado-solsticio-invierno\/\" target=\"_blank\" rel=\"noreferrer noopener\">aqu\u00ed<\/a>.<\/p>\n","protected":false},"excerpt":{"rendered":"<p>El 19 de diciembre de 2020 estrenamos en el Centro Cultural Pablo Ruiz Picasso de Torremolinos esta propuesta esc\u00e9nica con divulgaci\u00f3n astrof\u00edsica, m\u00fasica y clown. Un 3&#215;1 did\u00e1ctico para todos los p\u00fablicos, para una Navidad laica, ancestral y plural. Todos los detalles de nuestro cuento de Navidad aqu\u00ed.<\/p>\n","protected":false},"author":1,"featured_media":1797,"comment_status":"open","ping_status":"closed","sticky":false,"template":"","format":"standard","meta":{"_kad_post_transparent":"","_kad_post_title":"","_kad_post_layout":"","_kad_post_sidebar_id":"","_kad_post_content_style":"","_kad_post_vertical_padding":"","_kad_post_feature":"","_kad_post_feature_position":"","_kad_post_header":false,"_kad_post_footer":false,"_kad_post_classname":"","footnotes":""},"categories":[17],"tags":[20,59,62,50,48,56,60,38,61,37,26,63,36,57,66,30,39,47,64,58,65,13,67],"class_list":["post-2111","post","type-post","status-publish","format-standard","has-post-thumbnail","hentry","category-agenda","tag-aida-cobos","tag-astrofisica","tag-clown","tag-compania-teatro-malaga","tag-costa-del-sol","tag-cuento-animado-del-solsticio-de-invierno","tag-didactico","tag-dreamskata","tag-educativo","tag-edukata","tag-extremadura","tag-humor","tag-imaginakata","tag-infantil","tag-invierno","tag-kata-producciones","tag-malaga","tag-marbella","tag-musica","tag-navidad","tag-otono","tag-teatro","tag-torremolinos"],"yoast_head":"<!-- This site is optimized with the Yoast SEO plugin v27.4 - https:\/\/yoast.com\/product\/yoast-seo-wordpress\/ -->\n<title>Cuento animado del solsticio de invierno en Torremolinos, por una Navidad laica y plural.<\/title>\n<meta name=\"description\" content=\"KATA PRODUCCIONES presenta el cuento de Navidad de Aida Cobos S\u00e1nchez, laico y plural, con m\u00fasica y divulgaci\u00f3n cient\u00edfica.\" \/>\n<meta name=\"robots\" content=\"index, follow, max-snippet:-1, max-image-preview:large, max-video-preview:-1\" \/>\n<link rel=\"canonical\" href=\"https:\/\/kataproducciones.es\/imaginakata\/cuento-animado-del-solsticio-de-invierno\/\" \/>\n<meta property=\"og:locale\" content=\"es_ES\" \/>\n<meta property=\"og:type\" content=\"article\" \/>\n<meta property=\"og:title\" content=\"Cuento animado del solsticio de invierno en Torremolinos, por una Navidad laica y plural.\" \/>\n<meta property=\"og:description\" content=\"KATA PRODUCCIONES presenta el cuento de Navidad de Aida Cobos S\u00e1nchez, laico y plural, con m\u00fasica y divulgaci\u00f3n cient\u00edfica.\" \/>\n<meta property=\"og:url\" content=\"https:\/\/kataproducciones.es\/imaginakata\/cuento-animado-del-solsticio-de-invierno\/\" \/>\n<meta property=\"og:site_name\" content=\"ImaginaKata\" \/>\n<meta property=\"article:published_time\" content=\"2020-12-19T20:14:00+00:00\" \/>\n<meta property=\"article:modified_time\" content=\"2021-07-23T19:21:23+00:00\" \/>\n<meta property=\"og:image\" content=\"https:\/\/kataproducciones.es\/imaginakata\/wp-content\/uploads\/sites\/8\/2021\/04\/IMG-20201220-WA0015-e1617634925984.jpg\" \/>\n\t<meta property=\"og:image:width\" content=\"1464\" \/>\n\t<meta property=\"og:image:height\" content=\"1372\" \/>\n\t<meta property=\"og:image:type\" content=\"image\/jpeg\" \/>\n<meta name=\"author\" content=\"Kata Producciones\" \/>\n<meta name=\"twitter:card\" content=\"summary_large_image\" \/>\n<meta name=\"twitter:label1\" content=\"Escrito por\" \/>\n\t<meta name=\"twitter:data1\" content=\"Kata Producciones\" \/>\n\t<meta name=\"twitter:label2\" content=\"Tiempo de lectura\" \/>\n\t<meta name=\"twitter:data2\" content=\"1 minuto\" \/>\n<script type=\"application\/ld+json\" class=\"yoast-schema-graph\">{\"@context\":\"https:\\\/\\\/schema.org\",\"@graph\":[{\"@type\":\"Article\",\"@id\":\"https:\\\/\\\/kataproducciones.es\\\/imaginakata\\\/cuento-animado-del-solsticio-de-invierno\\\/#article\",\"isPartOf\":{\"@id\":\"https:\\\/\\\/kataproducciones.es\\\/imaginakata\\\/cuento-animado-del-solsticio-de-invierno\\\/\"},\"author\":{\"name\":\"Kata Producciones\",\"@id\":\"https:\\\/\\\/kataproducciones.es\\\/imaginakata\\\/#\\\/schema\\\/person\\\/007d741f44a769da580f040659521923\"},\"headline\":\"Cuento animado del solsticio de invierno en Torremolinos, por una Navidad laica y plural.\",\"datePublished\":\"2020-12-19T20:14:00+00:00\",\"dateModified\":\"2021-07-23T19:21:23+00:00\",\"mainEntityOfPage\":{\"@id\":\"https:\\\/\\\/kataproducciones.es\\\/imaginakata\\\/cuento-animado-del-solsticio-de-invierno\\\/\"},\"wordCount\":66,\"commentCount\":0,\"image\":{\"@id\":\"https:\\\/\\\/kataproducciones.es\\\/imaginakata\\\/cuento-animado-del-solsticio-de-invierno\\\/#primaryimage\"},\"thumbnailUrl\":\"https:\\\/\\\/kataproducciones.es\\\/imaginakata\\\/wp-content\\\/uploads\\\/sites\\\/8\\\/2021\\\/04\\\/IMG-20201220-WA0015-e1617634925984.jpg\",\"keywords\":[\"aida cobos\",\"astrof\u00edsica\",\"clown\",\"compa\u00f1ia teatro m\u00e1laga\",\"Costa del Sol\",\"cuento animado del solsticio de invierno\",\"did\u00e1ctico\",\"dreamskata\",\"educativo\",\"edukata\",\"extremadura\",\"humor\",\"imaginakata\",\"infantil\",\"invierno\",\"kata producciones\",\"M\u00e1laga\",\"Marbella\",\"m\u00fasica\",\"navidad\",\"oto\u00f1o\",\"teatro\",\"Torremolinos\"],\"articleSection\":[\"Agenda\"],\"inLanguage\":\"es\",\"potentialAction\":[{\"@type\":\"CommentAction\",\"name\":\"Comment\",\"target\":[\"https:\\\/\\\/kataproducciones.es\\\/imaginakata\\\/cuento-animado-del-solsticio-de-invierno\\\/#respond\"]}]},{\"@type\":\"WebPage\",\"@id\":\"https:\\\/\\\/kataproducciones.es\\\/imaginakata\\\/cuento-animado-del-solsticio-de-invierno\\\/\",\"url\":\"https:\\\/\\\/kataproducciones.es\\\/imaginakata\\\/cuento-animado-del-solsticio-de-invierno\\\/\",\"name\":\"Cuento animado del solsticio de invierno en Torremolinos, por una Navidad laica y plural.\",\"isPartOf\":{\"@id\":\"https:\\\/\\\/kataproducciones.es\\\/imaginakata\\\/#website\"},\"primaryImageOfPage\":{\"@id\":\"https:\\\/\\\/kataproducciones.es\\\/imaginakata\\\/cuento-animado-del-solsticio-de-invierno\\\/#primaryimage\"},\"image\":{\"@id\":\"https:\\\/\\\/kataproducciones.es\\\/imaginakata\\\/cuento-animado-del-solsticio-de-invierno\\\/#primaryimage\"},\"thumbnailUrl\":\"https:\\\/\\\/kataproducciones.es\\\/imaginakata\\\/wp-content\\\/uploads\\\/sites\\\/8\\\/2021\\\/04\\\/IMG-20201220-WA0015-e1617634925984.jpg\",\"datePublished\":\"2020-12-19T20:14:00+00:00\",\"dateModified\":\"2021-07-23T19:21:23+00:00\",\"author\":{\"@id\":\"https:\\\/\\\/kataproducciones.es\\\/imaginakata\\\/#\\\/schema\\\/person\\\/007d741f44a769da580f040659521923\"},\"description\":\"KATA PRODUCCIONES presenta el cuento de Navidad de Aida Cobos S\u00e1nchez, laico y plural, con m\u00fasica y divulgaci\u00f3n cient\u00edfica.\",\"breadcrumb\":{\"@id\":\"https:\\\/\\\/kataproducciones.es\\\/imaginakata\\\/cuento-animado-del-solsticio-de-invierno\\\/#breadcrumb\"},\"inLanguage\":\"es\",\"potentialAction\":[{\"@type\":\"ReadAction\",\"target\":[\"https:\\\/\\\/kataproducciones.es\\\/imaginakata\\\/cuento-animado-del-solsticio-de-invierno\\\/\"]}]},{\"@type\":\"ImageObject\",\"inLanguage\":\"es\",\"@id\":\"https:\\\/\\\/kataproducciones.es\\\/imaginakata\\\/cuento-animado-del-solsticio-de-invierno\\\/#primaryimage\",\"url\":\"https:\\\/\\\/kataproducciones.es\\\/imaginakata\\\/wp-content\\\/uploads\\\/sites\\\/8\\\/2021\\\/04\\\/IMG-20201220-WA0015-e1617634925984.jpg\",\"contentUrl\":\"https:\\\/\\\/kataproducciones.es\\\/imaginakata\\\/wp-content\\\/uploads\\\/sites\\\/8\\\/2021\\\/04\\\/IMG-20201220-WA0015-e1617634925984.jpg\",\"width\":1464,\"height\":1372,\"caption\":\"Aida Cobos actriz m\u00e1laga interpretando en el cuento animado a Florita Chico mostrando como ilumina el Sol en el solsticio de invierno\"},{\"@type\":\"BreadcrumbList\",\"@id\":\"https:\\\/\\\/kataproducciones.es\\\/imaginakata\\\/cuento-animado-del-solsticio-de-invierno\\\/#breadcrumb\",\"itemListElement\":[{\"@type\":\"ListItem\",\"position\":1,\"name\":\"Portada\",\"item\":\"https:\\\/\\\/kataproducciones.es\\\/imaginakata\\\/\"},{\"@type\":\"ListItem\",\"position\":2,\"name\":\"Cuento animado del solsticio de invierno en Torremolinos, por una Navidad laica y plural.\"}]},{\"@type\":\"WebSite\",\"@id\":\"https:\\\/\\\/kataproducciones.es\\\/imaginakata\\\/#website\",\"url\":\"https:\\\/\\\/kataproducciones.es\\\/imaginakata\\\/\",\"name\":\"ImaginaKata\",\"description\":\"Teatro en estado puro\",\"potentialAction\":[{\"@type\":\"SearchAction\",\"target\":{\"@type\":\"EntryPoint\",\"urlTemplate\":\"https:\\\/\\\/kataproducciones.es\\\/imaginakata\\\/?s={search_term_string}\"},\"query-input\":{\"@type\":\"PropertyValueSpecification\",\"valueRequired\":true,\"valueName\":\"search_term_string\"}}],\"inLanguage\":\"es\"},{\"@type\":\"Person\",\"@id\":\"https:\\\/\\\/kataproducciones.es\\\/imaginakata\\\/#\\\/schema\\\/person\\\/007d741f44a769da580f040659521923\",\"name\":\"Kata Producciones\",\"url\":\"https:\\\/\\\/kataproducciones.es\\\/imaginakata\\\/author\\\/kata\\\/\"}]}<\/script>\n<!-- \/ Yoast SEO plugin. -->","yoast_head_json":{"title":"Cuento animado del solsticio de invierno en Torremolinos, por una Navidad laica y plural.","description":"KATA PRODUCCIONES presenta el cuento de Navidad de Aida Cobos S\u00e1nchez, laico y plural, con m\u00fasica y divulgaci\u00f3n cient\u00edfica.","robots":{"index":"index","follow":"follow","max-snippet":"max-snippet:-1","max-image-preview":"max-image-preview:large","max-video-preview":"max-video-preview:-1"},"canonical":"https:\/\/kataproducciones.es\/imaginakata\/cuento-animado-del-solsticio-de-invierno\/","og_locale":"es_ES","og_type":"article","og_title":"Cuento animado del solsticio de invierno en Torremolinos, por una Navidad laica y plural.","og_description":"KATA PRODUCCIONES presenta el cuento de Navidad de Aida Cobos S\u00e1nchez, laico y plural, con m\u00fasica y divulgaci\u00f3n cient\u00edfica.","og_url":"https:\/\/kataproducciones.es\/imaginakata\/cuento-animado-del-solsticio-de-invierno\/","og_site_name":"ImaginaKata","article_published_time":"2020-12-19T20:14:00+00:00","article_modified_time":"2021-07-23T19:21:23+00:00","og_image":[{"width":1464,"height":1372,"url":"https:\/\/kataproducciones.es\/imaginakata\/wp-content\/uploads\/sites\/8\/2021\/04\/IMG-20201220-WA0015-e1617634925984.jpg","type":"image\/jpeg"}],"author":"Kata Producciones","twitter_card":"summary_large_image","twitter_misc":{"Escrito por":"Kata Producciones","Tiempo de lectura":"1 minuto"},"schema":{"@context":"https:\/\/schema.org","@graph":[{"@type":"Article","@id":"https:\/\/kataproducciones.es\/imaginakata\/cuento-animado-del-solsticio-de-invierno\/#article","isPartOf":{"@id":"https:\/\/kataproducciones.es\/imaginakata\/cuento-animado-del-solsticio-de-invierno\/"},"author":{"name":"Kata Producciones","@id":"https:\/\/kataproducciones.es\/imaginakata\/#\/schema\/person\/007d741f44a769da580f040659521923"},"headline":"Cuento animado del solsticio de invierno en Torremolinos, por una Navidad laica y plural.","datePublished":"2020-12-19T20:14:00+00:00","dateModified":"2021-07-23T19:21:23+00:00","mainEntityOfPage":{"@id":"https:\/\/kataproducciones.es\/imaginakata\/cuento-animado-del-solsticio-de-invierno\/"},"wordCount":66,"commentCount":0,"image":{"@id":"https:\/\/kataproducciones.es\/imaginakata\/cuento-animado-del-solsticio-de-invierno\/#primaryimage"},"thumbnailUrl":"https:\/\/kataproducciones.es\/imaginakata\/wp-content\/uploads\/sites\/8\/2021\/04\/IMG-20201220-WA0015-e1617634925984.jpg","keywords":["aida cobos","astrof\u00edsica","clown","compa\u00f1ia teatro m\u00e1laga","Costa del Sol","cuento animado del solsticio de invierno","did\u00e1ctico","dreamskata","educativo","edukata","extremadura","humor","imaginakata","infantil","invierno","kata producciones","M\u00e1laga","Marbella","m\u00fasica","navidad","oto\u00f1o","teatro","Torremolinos"],"articleSection":["Agenda"],"inLanguage":"es","potentialAction":[{"@type":"CommentAction","name":"Comment","target":["https:\/\/kataproducciones.es\/imaginakata\/cuento-animado-del-solsticio-de-invierno\/#respond"]}]},{"@type":"WebPage","@id":"https:\/\/kataproducciones.es\/imaginakata\/cuento-animado-del-solsticio-de-invierno\/","url":"https:\/\/kataproducciones.es\/imaginakata\/cuento-animado-del-solsticio-de-invierno\/","name":"Cuento animado del solsticio de invierno en Torremolinos, por una Navidad laica y plural.","isPartOf":{"@id":"https:\/\/kataproducciones.es\/imaginakata\/#website"},"primaryImageOfPage":{"@id":"https:\/\/kataproducciones.es\/imaginakata\/cuento-animado-del-solsticio-de-invierno\/#primaryimage"},"image":{"@id":"https:\/\/kataproducciones.es\/imaginakata\/cuento-animado-del-solsticio-de-invierno\/#primaryimage"},"thumbnailUrl":"https:\/\/kataproducciones.es\/imaginakata\/wp-content\/uploads\/sites\/8\/2021\/04\/IMG-20201220-WA0015-e1617634925984.jpg","datePublished":"2020-12-19T20:14:00+00:00","dateModified":"2021-07-23T19:21:23+00:00","author":{"@id":"https:\/\/kataproducciones.es\/imaginakata\/#\/schema\/person\/007d741f44a769da580f040659521923"},"description":"KATA PRODUCCIONES presenta el cuento de Navidad de Aida Cobos S\u00e1nchez, laico y plural, con m\u00fasica y divulgaci\u00f3n cient\u00edfica.","breadcrumb":{"@id":"https:\/\/kataproducciones.es\/imaginakata\/cuento-animado-del-solsticio-de-invierno\/#breadcrumb"},"inLanguage":"es","potentialAction":[{"@type":"ReadAction","target":["https:\/\/kataproducciones.es\/imaginakata\/cuento-animado-del-solsticio-de-invierno\/"]}]},{"@type":"ImageObject","inLanguage":"es","@id":"https:\/\/kataproducciones.es\/imaginakata\/cuento-animado-del-solsticio-de-invierno\/#primaryimage","url":"https:\/\/kataproducciones.es\/imaginakata\/wp-content\/uploads\/sites\/8\/2021\/04\/IMG-20201220-WA0015-e1617634925984.jpg","contentUrl":"https:\/\/kataproducciones.es\/imaginakata\/wp-content\/uploads\/sites\/8\/2021\/04\/IMG-20201220-WA0015-e1617634925984.jpg","width":1464,"height":1372,"caption":"Aida Cobos actriz m\u00e1laga interpretando en el cuento animado a Florita Chico mostrando como ilumina el Sol en el solsticio de invierno"},{"@type":"BreadcrumbList","@id":"https:\/\/kataproducciones.es\/imaginakata\/cuento-animado-del-solsticio-de-invierno\/#breadcrumb","itemListElement":[{"@type":"ListItem","position":1,"name":"Portada","item":"https:\/\/kataproducciones.es\/imaginakata\/"},{"@type":"ListItem","position":2,"name":"Cuento animado del solsticio de invierno en Torremolinos, por una Navidad laica y plural."}]},{"@type":"WebSite","@id":"https:\/\/kataproducciones.es\/imaginakata\/#website","url":"https:\/\/kataproducciones.es\/imaginakata\/","name":"ImaginaKata","description":"Teatro en estado puro","potentialAction":[{"@type":"SearchAction","target":{"@type":"EntryPoint","urlTemplate":"https:\/\/kataproducciones.es\/imaginakata\/?s={search_term_string}"},"query-input":{"@type":"PropertyValueSpecification","valueRequired":true,"valueName":"search_term_string"}}],"inLanguage":"es"},{"@type":"Person","@id":"https:\/\/kataproducciones.es\/imaginakata\/#\/schema\/person\/007d741f44a769da580f040659521923","name":"Kata Producciones","url":"https:\/\/kataproducciones.es\/imaginakata\/author\/kata\/"}]}},"_links":{"self":[{"href":"https:\/\/kataproducciones.es\/imaginakata\/wp-json\/wp\/v2\/posts\/2111","targetHints":{"allow":["GET"]}}],"collection":[{"href":"https:\/\/kataproducciones.es\/imaginakata\/wp-json\/wp\/v2\/posts"}],"about":[{"href":"https:\/\/kataproducciones.es\/imaginakata\/wp-json\/wp\/v2\/types\/post"}],"author":[{"embeddable":true,"href":"https:\/\/kataproducciones.es\/imaginakata\/wp-json\/wp\/v2\/users\/1"}],"replies":[{"embeddable":true,"href":"https:\/\/kataproducciones.es\/imaginakata\/wp-json\/wp\/v2\/comments?post=2111"}],"version-history":[{"count":2,"href":"https:\/\/kataproducciones.es\/imaginakata\/wp-json\/wp\/v2\/posts\/2111\/revisions"}],"predecessor-version":[{"id":2115,"href":"https:\/\/kataproducciones.es\/imaginakata\/wp-json\/wp\/v2\/posts\/2111\/revisions\/2115"}],"wp:featuredmedia":[{"embeddable":true,"href":"https:\/\/kataproducciones.es\/imaginakata\/wp-json\/wp\/v2\/media\/1797"}],"wp:attachment":[{"href":"https:\/\/kataproducciones.es\/imaginakata\/wp-json\/wp\/v2\/media?parent=2111"}],"wp:term":[{"taxonomy":"category","embeddable":true,"href":"https:\/\/kataproducciones.es\/imaginakata\/wp-json\/wp\/v2\/categories?post=2111"},{"taxonomy":"post_tag","embeddable":true,"href":"https:\/\/kataproducciones.es\/imaginakata\/wp-json\/wp\/v2\/tags?post=2111"}],"curies":[{"name":"wp","href":"https:\/\/api.w.org\/{rel}","templated":true}]}}